{"id":7222,"date":"2026-04-29T12:00:35","date_gmt":"2026-04-29T11:00:35","guid":{"rendered":"https:\/\/colegio-santagema.es\/?p=7222"},"modified":"2026-04-29T12:01:14","modified_gmt":"2026-04-29T11:01:14","slug":"bandera-verde-colegio-sostenible","status":"publish","type":"post","link":"https:\/\/colegio-santagema.es\/en\/bandera-verde-colegio-sostenible\/","title":{"rendered":"\u00a1Es un honor para toda nuestra comunidad educativa anunciar que nuestro colegio ha sido galardonado con la Bandera Verde!"},"content":{"rendered":"<p>\u00a1Es un honor anunciar que nuestra comunidad educativa ha logrado la <strong>Bandera Verde<\/strong>! Este reconocimiento pone en valor nuestro firme compromiso con el cuidado del medioambiente y la sostenibilidad.<\/p>\n\n\n\n<p>Este logro no es solo un premio simb\u00f3lico. Es un sello que certifica que nuestro centro es un referente en educaci\u00f3n ambiental y buenas pr\u00e1cticas ecol\u00f3gicas. Tras tres a\u00f1os de proyectos y esfuerzo colectivo, hoy la <strong>Bandera Verde<\/strong> ya ondea en nuestro patio. Este \u00e9xito refleja todo el trabajo que hemos conseguido durante este tiempo.<\/p>\n\n\n\n<p>Impulsamos numerosas acciones para mejorar nuestro entorno, como la reducci\u00f3n de residuos y el fomento del reciclaje. Tambi\u00e9n creamos espacios verdes y realizamos actividades de concienciaci\u00f3n ambiental de forma constante. Estas medidas generaron una mayor sensibilidad ecol\u00f3gica en nuestro alumnado y en toda la comunidad educativa.<\/p>\n\n\n\n<figure class=\"wp-block-gallery has-nested-images columns-default is-cropped wp-block-gallery-1 is-layout-flex wp-block-gallery-is-layout-flex\">\n<figure class=\"wp-block-image size-large\"><img fetchpriority=\"high\" decoding=\"async\" width=\"1024\" height=\"768\" data-id=\"7227\" src=\"https:\/\/colegio-santagema.es\/wp-content\/uploads\/2026\/04\/IMG_20260428_112531-1024x768.jpg\" alt=\"\" class=\"wp-image-7227\" srcset=\"https:\/\/colegio-santagema.es\/wp-content\/uploads\/2026\/04\/IMG_20260428_112531-1024x768.jpg 1024w, https:\/\/colegio-santagema.es\/wp-content\/uploads\/2026\/04\/IMG_20260428_112531-300x225.jpg 300w, https:\/\/colegio-santagema.es\/wp-content\/uploads\/2026\/04\/IMG_20260428_112531-768x576.jpg 768w, https:\/\/colegio-santagema.es\/wp-content\/uploads\/2026\/04\/IMG_20260428_112531-1536x1152.jpg 1536w, https:\/\/colegio-santagema.es\/wp-content\/uploads\/2026\/04\/IMG_20260428_112531-2048x1536.jpg 2048w, https:\/\/colegio-santagema.es\/wp-content\/uploads\/2026\/04\/IMG_20260428_112531-16x12.jpg 16w\" sizes=\"(max-width: 1024px) 100vw, 1024px\" \/><\/figure>\n\n\n\n<figure class=\"wp-block-image size-large\"><img decoding=\"async\" width=\"576\" height=\"1024\" data-id=\"7226\" data-src=\"https:\/\/colegio-santagema.es\/wp-content\/uploads\/2026\/04\/IMG_6728-576x1024.jpeg\" alt=\"\" class=\"wp-image-7226 lazyload\" data-srcset=\"https:\/\/colegio-santagema.es\/wp-content\/uploads\/2026\/04\/IMG_6728-576x1024.jpeg 576w, https:\/\/colegio-santagema.es\/wp-content\/uploads\/2026\/04\/IMG_6728-169x300.jpeg 169w, https:\/\/colegio-santagema.es\/wp-content\/uploads\/2026\/04\/IMG_6728-768x1365.jpeg 768w, https:\/\/colegio-santagema.es\/wp-content\/uploads\/2026\/04\/IMG_6728-864x1536.jpeg 864w, https:\/\/colegio-santagema.es\/wp-content\/uploads\/2026\/04\/IMG_6728-1152x2048.jpeg 1152w, https:\/\/colegio-santagema.es\/wp-content\/uploads\/2026\/04\/IMG_6728-7x12.jpeg 7w, https:\/\/colegio-santagema.es\/wp-content\/uploads\/2026\/04\/IMG_6728-scaled.jpeg 1440w\" data-sizes=\"(max-width: 576px) 100vw, 576px\" src=\"data:image\/svg+xml;base64,PHN2ZyB3aWR0aD0iMSIgaGVpZ2h0PSIxIiB4bWxucz0iaHR0cDovL3d3dy53My5vcmcvMjAwMC9zdmciPjwvc3ZnPg==\" style=\"--smush-placeholder-width: 576px; --smush-placeholder-aspect-ratio: 576\/1024;\" \/><\/figure>\n<\/figure>\n\n\n\n<p>Logramos este reconocimiento gracias a la implicaci\u00f3n de muchas personas. Destacamos especialmente la labor del Comit\u00e9 de Ecoescuelas, familias y alumnado. Tambi\u00e9n agradecemos el trabajo del personal de limpieza, mantenimiento y cocina, cuya colaboraci\u00f3n result\u00f3 fundamental para este proceso.<\/p>\n\n\n\n<p>Entendemos que este es solo un paso m\u00e1s en nuestro camino. Recibir la <strong>Bandera Verde<\/strong> nos motiva para seguir innovando y reforzando nuestro compromiso con el planeta. Nuestro objetivo sigue siendo formar ciudadanos responsables, cr\u00edticos y comprometidos con un futuro sostenible.<\/p>\n\n\n\n<p>Gracias a todos por ser parte de este gran logro colectivo. Juntos seguimos construyendo un colegio m\u00e1s limpio, m\u00e1s consciente y verde.<\/p>","protected":false},"excerpt":{"rendered":"<p>\u00a1Es un honor anunciar que nuestra comunidad educativa ha logrado la Bandera Verde! Este reconocimiento pone en valor nuestro firme compromiso con el cuidado del medioambiente y la sostenibilidad. Este logro no es solo un premio simb\u00f3lico. Es un sello que certifica que nuestro centro es un referente en educaci\u00f3n ambiental y buenas pr\u00e1cticas ecol\u00f3gicas. [&hellip;]<\/p>\n","protected":false},"author":2,"featured_media":7223,"comment_status":"open","ping_status":"open","sticky":false,"template":"","format":"standard","meta":{"_acf_changed":false,"om_disable_all_campaigns":false,"_joinchat":[],"footnotes":""},"categories":[38],"tags":[472,474,37,323,473,471],"class_list":["post-7222","post","type-post","status-publish","format-standard","has-post-thumbnail","hentry","category-ecoescuela","tag-bandera-verde","tag-colegio-verde","tag-ecoescuela","tag-educacion-ambiental","tag-medioambiente","tag-sostenibilidad-escolar","ecoescuela"],"acf":[],"yoast_head":"<!-- This site is optimized with the Yoast SEO plugin v27.5 - https:\/\/yoast.com\/product\/yoast-seo-wordpress\/ -->\n<title>\u00a1Logramos la Bandera Verde! Compromiso con el medioambiente<\/title>\n<meta name=\"description\" content=\"Celebramos la obtenci\u00f3n de la Bandera Verde en nuestro colegio. Un premio al esfuerzo por la sostenibilidad y el medioambiente de toda nuestra comunidad.\" \/>\n<meta name=\"robots\" content=\"index, follow, max-snippet:-1, max-image-preview:large, max-video-preview:-1\" \/>\n<link rel=\"canonical\" href=\"https:\/\/colegio-santagema.es\/en\/bandera-verde-colegio-sostenible\/\" \/>\n<meta property=\"og:locale\" content=\"en_GB\" \/>\n<meta property=\"og:type\" content=\"article\" \/>\n<meta property=\"og:title\" content=\"\u00a1Logramos la Bandera Verde! Compromiso con el medioambiente\" \/>\n<meta property=\"og:description\" content=\"Celebramos la obtenci\u00f3n de la Bandera Verde en nuestro colegio. Un premio al esfuerzo por la sostenibilidad y el medioambiente de toda nuestra comunidad.\" \/>\n<meta property=\"og:url\" content=\"https:\/\/colegio-santagema.es\/en\/bandera-verde-colegio-sostenible\/\" \/>\n<meta property=\"og:site_name\" content=\"Colegio Santa Gema Galgani\" \/>\n<meta property=\"article:publisher\" content=\"https:\/\/www.facebook.com\/colegiosantagema\" \/>\n<meta property=\"article:published_time\" content=\"2026-04-29T11:00:35+00:00\" \/>\n<meta property=\"article:modified_time\" content=\"2026-04-29T11:01:14+00:00\" \/>\n<meta property=\"og:image\" content=\"https:\/\/colegio-santagema.es\/wp-content\/uploads\/2026\/04\/IMG_6652-scaled.jpeg\" \/>\n\t<meta property=\"og:image:width\" content=\"2560\" \/>\n\t<meta property=\"og:image:height\" content=\"1440\" \/>\n\t<meta property=\"og:image:type\" content=\"image\/jpeg\" \/>\n<meta name=\"author\" content=\"Comit\u00e9 Ecoescuela\" \/>\n<meta name=\"twitter:card\" content=\"summary_large_image\" \/>\n<meta name=\"twitter:creator\" content=\"@ColeSantaGema\" \/>\n<meta name=\"twitter:site\" content=\"@ColeSantaGema\" \/>\n<meta name=\"twitter:label1\" content=\"Written by\" \/>\n\t<meta name=\"twitter:data1\" content=\"Comit\u00e9 Ecoescuela\" \/>\n\t<meta name=\"twitter:label2\" content=\"Estimated reading time\" \/>\n\t<meta name=\"twitter:data2\" content=\"2 minutes\" \/>\n<script type=\"application\/ld+json\" class=\"yoast-schema-graph\">{\"@context\":\"https:\\\/\\\/schema.org\",\"@graph\":[{\"@type\":\"Article\",\"@id\":\"https:\\\/\\\/colegio-santagema.es\\\/bandera-verde-colegio-sostenible\\\/#article\",\"isPartOf\":{\"@id\":\"https:\\\/\\\/colegio-santagema.es\\\/bandera-verde-colegio-sostenible\\\/\"},\"author\":{\"name\":\"Comit\u00e9 Ecoescuela\",\"@id\":\"https:\\\/\\\/colegio-santagema.es\\\/#\\\/schema\\\/person\\\/34022ef04a6104800f7f3b959dfc812b\"},\"headline\":\"\u00a1Es un honor para toda nuestra comunidad educativa anunciar que nuestro colegio ha sido galardonado con la Bandera Verde!\",\"datePublished\":\"2026-04-29T11:00:35+00:00\",\"dateModified\":\"2026-04-29T11:01:14+00:00\",\"mainEntityOfPage\":{\"@id\":\"https:\\\/\\\/colegio-santagema.es\\\/bandera-verde-colegio-sostenible\\\/\"},\"wordCount\":267,\"commentCount\":0,\"publisher\":{\"@id\":\"https:\\\/\\\/colegio-santagema.es\\\/#organization\"},\"image\":{\"@id\":\"https:\\\/\\\/colegio-santagema.es\\\/bandera-verde-colegio-sostenible\\\/#primaryimage\"},\"thumbnailUrl\":\"https:\\\/\\\/colegio-santagema.es\\\/wp-content\\\/uploads\\\/2026\\\/04\\\/IMG_6652-scaled.jpeg\",\"keywords\":[\"Bandera Verde\",\"colegio verde\",\"Ecoescuela\",\"Educaci\u00f3n ambiental\",\"medioambiente\",\"sostenibilidad escolar\"],\"articleSection\":[\"Ecoescuela\"],\"inLanguage\":\"en-GB\",\"potentialAction\":[{\"@type\":\"CommentAction\",\"name\":\"Comment\",\"target\":[\"https:\\\/\\\/colegio-santagema.es\\\/bandera-verde-colegio-sostenible\\\/#respond\"]}]},{\"@type\":\"WebPage\",\"@id\":\"https:\\\/\\\/colegio-santagema.es\\\/bandera-verde-colegio-sostenible\\\/\",\"url\":\"https:\\\/\\\/colegio-santagema.es\\\/bandera-verde-colegio-sostenible\\\/\",\"name\":\"\u00a1Logramos la Bandera Verde! Compromiso con el medioambiente\",\"isPartOf\":{\"@id\":\"https:\\\/\\\/colegio-santagema.es\\\/#website\"},\"primaryImageOfPage\":{\"@id\":\"https:\\\/\\\/colegio-santagema.es\\\/bandera-verde-colegio-sostenible\\\/#primaryimage\"},\"image\":{\"@id\":\"https:\\\/\\\/colegio-santagema.es\\\/bandera-verde-colegio-sostenible\\\/#primaryimage\"},\"thumbnailUrl\":\"https:\\\/\\\/colegio-santagema.es\\\/wp-content\\\/uploads\\\/2026\\\/04\\\/IMG_6652-scaled.jpeg\",\"datePublished\":\"2026-04-29T11:00:35+00:00\",\"dateModified\":\"2026-04-29T11:01:14+00:00\",\"description\":\"Celebramos la obtenci\u00f3n de la Bandera Verde en nuestro colegio. Un premio al esfuerzo por la sostenibilidad y el medioambiente de toda nuestra comunidad.\",\"breadcrumb\":{\"@id\":\"https:\\\/\\\/colegio-santagema.es\\\/bandera-verde-colegio-sostenible\\\/#breadcrumb\"},\"inLanguage\":\"en-GB\",\"potentialAction\":[{\"@type\":\"ReadAction\",\"target\":[\"https:\\\/\\\/colegio-santagema.es\\\/bandera-verde-colegio-sostenible\\\/\"]}]},{\"@type\":\"ImageObject\",\"inLanguage\":\"en-GB\",\"@id\":\"https:\\\/\\\/colegio-santagema.es\\\/bandera-verde-colegio-sostenible\\\/#primaryimage\",\"url\":\"https:\\\/\\\/colegio-santagema.es\\\/wp-content\\\/uploads\\\/2026\\\/04\\\/IMG_6652-scaled.jpeg\",\"contentUrl\":\"https:\\\/\\\/colegio-santagema.es\\\/wp-content\\\/uploads\\\/2026\\\/04\\\/IMG_6652-scaled.jpeg\",\"width\":2560,\"height\":1440},{\"@type\":\"BreadcrumbList\",\"@id\":\"https:\\\/\\\/colegio-santagema.es\\\/bandera-verde-colegio-sostenible\\\/#breadcrumb\",\"itemListElement\":[{\"@type\":\"ListItem\",\"position\":1,\"name\":\"Portada\",\"item\":\"https:\\\/\\\/colegio-santagema.es\\\/\"},{\"@type\":\"ListItem\",\"position\":2,\"name\":\"\u00a1Es un honor para toda nuestra comunidad educativa anunciar que nuestro colegio ha sido galardonado con la Bandera Verde!\"}]},{\"@type\":\"WebSite\",\"@id\":\"https:\\\/\\\/colegio-santagema.es\\\/#website\",\"url\":\"https:\\\/\\\/colegio-santagema.es\\\/\",\"name\":\"Colegio Santa Gema Galgani\",\"description\":\"Un colegio vivo que afronta el continuo cambio de la sociedad actual.\",\"publisher\":{\"@id\":\"https:\\\/\\\/colegio-santagema.es\\\/#organization\"},\"potentialAction\":[{\"@type\":\"SearchAction\",\"target\":{\"@type\":\"EntryPoint\",\"urlTemplate\":\"https:\\\/\\\/colegio-santagema.es\\\/?s={search_term_string}\"},\"query-input\":{\"@type\":\"PropertyValueSpecification\",\"valueRequired\":true,\"valueName\":\"search_term_string\"}}],\"inLanguage\":\"en-GB\"},{\"@type\":\"Organization\",\"@id\":\"https:\\\/\\\/colegio-santagema.es\\\/#organization\",\"name\":\"Colegio Santa Gema Galgani\",\"url\":\"https:\\\/\\\/colegio-santagema.es\\\/\",\"logo\":{\"@type\":\"ImageObject\",\"inLanguage\":\"en-GB\",\"@id\":\"https:\\\/\\\/colegio-santagema.es\\\/#\\\/schema\\\/logo\\\/image\\\/\",\"url\":\"https:\\\/\\\/colegio-santagema.es\\\/wp-content\\\/uploads\\\/2024\\\/12\\\/cropped-Logo-Santa-Gema.png\",\"contentUrl\":\"https:\\\/\\\/colegio-santagema.es\\\/wp-content\\\/uploads\\\/2024\\\/12\\\/cropped-Logo-Santa-Gema.png\",\"width\":512,\"height\":512,\"caption\":\"Colegio Santa Gema Galgani\"},\"image\":{\"@id\":\"https:\\\/\\\/colegio-santagema.es\\\/#\\\/schema\\\/logo\\\/image\\\/\"},\"sameAs\":[\"https:\\\/\\\/www.facebook.com\\\/colegiosantagema\",\"https:\\\/\\\/x.com\\\/ColeSantaGema\",\"https:\\\/\\\/www.instagram.com\\\/colegiosantagema\\\/\",\"https:\\\/\\\/www.linkedin.com\\\/company\\\/colegio-santa-gema-galgani\\\/\"]},{\"@type\":\"Person\",\"@id\":\"https:\\\/\\\/colegio-santagema.es\\\/#\\\/schema\\\/person\\\/34022ef04a6104800f7f3b959dfc812b\",\"name\":\"Comit\u00e9 Ecoescuela\",\"image\":{\"@type\":\"ImageObject\",\"inLanguage\":\"en-GB\",\"@id\":\"https:\\\/\\\/colegio-santagema.es\\\/wp-content\\\/uploads\\\/2026\\\/04\\\/ecoescuela.png\",\"url\":\"https:\\\/\\\/colegio-santagema.es\\\/wp-content\\\/uploads\\\/2026\\\/04\\\/ecoescuela.png\",\"contentUrl\":\"https:\\\/\\\/colegio-santagema.es\\\/wp-content\\\/uploads\\\/2026\\\/04\\\/ecoescuela.png\",\"caption\":\"Comit\u00e9 Ecoescuela\"},\"url\":\"#molongui-disabled-link\"}]}<\/script>\n<!-- \/ Yoast SEO plugin. -->","yoast_head_json":{"title":"\u00a1Logramos la Bandera Verde! Compromiso con el medioambiente","description":"Celebramos la obtenci\u00f3n de la Bandera Verde en nuestro colegio. Un premio al esfuerzo por la sostenibilidad y el medioambiente de toda nuestra comunidad.","robots":{"index":"index","follow":"follow","max-snippet":"max-snippet:-1","max-image-preview":"max-image-preview:large","max-video-preview":"max-video-preview:-1"},"canonical":"https:\/\/colegio-santagema.es\/en\/bandera-verde-colegio-sostenible\/","og_locale":"en_GB","og_type":"article","og_title":"\u00a1Logramos la Bandera Verde! Compromiso con el medioambiente","og_description":"Celebramos la obtenci\u00f3n de la Bandera Verde en nuestro colegio. Un premio al esfuerzo por la sostenibilidad y el medioambiente de toda nuestra comunidad.","og_url":"https:\/\/colegio-santagema.es\/en\/bandera-verde-colegio-sostenible\/","og_site_name":"Colegio Santa Gema Galgani","article_publisher":"https:\/\/www.facebook.com\/colegiosantagema","article_published_time":"2026-04-29T11:00:35+00:00","article_modified_time":"2026-04-29T11:01:14+00:00","og_image":[{"width":2560,"height":1440,"url":"https:\/\/colegio-santagema.es\/wp-content\/uploads\/2026\/04\/IMG_6652-scaled.jpeg","type":"image\/jpeg"}],"author":"Comit\u00e9 Ecoescuela","twitter_card":"summary_large_image","twitter_creator":"@ColeSantaGema","twitter_site":"@ColeSantaGema","twitter_misc":{"Written by":"Comit\u00e9 Ecoescuela","Estimated reading time":"2 minutes"},"schema":{"@context":"https:\/\/schema.org","@graph":[{"@type":"Article","@id":"https:\/\/colegio-santagema.es\/bandera-verde-colegio-sostenible\/#article","isPartOf":{"@id":"https:\/\/colegio-santagema.es\/bandera-verde-colegio-sostenible\/"},"author":{"name":"Comit\u00e9 Ecoescuela","@id":"https:\/\/colegio-santagema.es\/#\/schema\/person\/34022ef04a6104800f7f3b959dfc812b"},"headline":"\u00a1Es un honor para toda nuestra comunidad educativa anunciar que nuestro colegio ha sido galardonado con la Bandera Verde!","datePublished":"2026-04-29T11:00:35+00:00","dateModified":"2026-04-29T11:01:14+00:00","mainEntityOfPage":{"@id":"https:\/\/colegio-santagema.es\/bandera-verde-colegio-sostenible\/"},"wordCount":267,"commentCount":0,"publisher":{"@id":"https:\/\/colegio-santagema.es\/#organization"},"image":{"@id":"https:\/\/colegio-santagema.es\/bandera-verde-colegio-sostenible\/#primaryimage"},"thumbnailUrl":"https:\/\/colegio-santagema.es\/wp-content\/uploads\/2026\/04\/IMG_6652-scaled.jpeg","keywords":["Bandera Verde","colegio verde","Ecoescuela","Educaci\u00f3n ambiental","medioambiente","sostenibilidad escolar"],"articleSection":["Ecoescuela"],"inLanguage":"en-GB","potentialAction":[{"@type":"CommentAction","name":"Comment","target":["https:\/\/colegio-santagema.es\/bandera-verde-colegio-sostenible\/#respond"]}]},{"@type":"WebPage","@id":"https:\/\/colegio-santagema.es\/bandera-verde-colegio-sostenible\/","url":"https:\/\/colegio-santagema.es\/bandera-verde-colegio-sostenible\/","name":"\u00a1Logramos la Bandera Verde! Compromiso con el medioambiente","isPartOf":{"@id":"https:\/\/colegio-santagema.es\/#website"},"primaryImageOfPage":{"@id":"https:\/\/colegio-santagema.es\/bandera-verde-colegio-sostenible\/#primaryimage"},"image":{"@id":"https:\/\/colegio-santagema.es\/bandera-verde-colegio-sostenible\/#primaryimage"},"thumbnailUrl":"https:\/\/colegio-santagema.es\/wp-content\/uploads\/2026\/04\/IMG_6652-scaled.jpeg","datePublished":"2026-04-29T11:00:35+00:00","dateModified":"2026-04-29T11:01:14+00:00","description":"Celebramos la obtenci\u00f3n de la Bandera Verde en nuestro colegio. Un premio al esfuerzo por la sostenibilidad y el medioambiente de toda nuestra comunidad.","breadcrumb":{"@id":"https:\/\/colegio-santagema.es\/bandera-verde-colegio-sostenible\/#breadcrumb"},"inLanguage":"en-GB","potentialAction":[{"@type":"ReadAction","target":["https:\/\/colegio-santagema.es\/bandera-verde-colegio-sostenible\/"]}]},{"@type":"ImageObject","inLanguage":"en-GB","@id":"https:\/\/colegio-santagema.es\/bandera-verde-colegio-sostenible\/#primaryimage","url":"https:\/\/colegio-santagema.es\/wp-content\/uploads\/2026\/04\/IMG_6652-scaled.jpeg","contentUrl":"https:\/\/colegio-santagema.es\/wp-content\/uploads\/2026\/04\/IMG_6652-scaled.jpeg","width":2560,"height":1440},{"@type":"BreadcrumbList","@id":"https:\/\/colegio-santagema.es\/bandera-verde-colegio-sostenible\/#breadcrumb","itemListElement":[{"@type":"ListItem","position":1,"name":"Portada","item":"https:\/\/colegio-santagema.es\/"},{"@type":"ListItem","position":2,"name":"\u00a1Es un honor para toda nuestra comunidad educativa anunciar que nuestro colegio ha sido galardonado con la Bandera Verde!"}]},{"@type":"WebSite","@id":"https:\/\/colegio-santagema.es\/#website","url":"https:\/\/colegio-santagema.es\/","name":"Colegio Santa Gema Galgani","description":"Un colegio vivo que afronta el continuo cambio de la sociedad actual.","publisher":{"@id":"https:\/\/colegio-santagema.es\/#organization"},"potentialAction":[{"@type":"SearchAction","target":{"@type":"EntryPoint","urlTemplate":"https:\/\/colegio-santagema.es\/?s={search_term_string}"},"query-input":{"@type":"PropertyValueSpecification","valueRequired":true,"valueName":"search_term_string"}}],"inLanguage":"en-GB"},{"@type":"Organization","@id":"https:\/\/colegio-santagema.es\/#organization","name":"Colegio Santa Gema Galgani","url":"https:\/\/colegio-santagema.es\/","logo":{"@type":"ImageObject","inLanguage":"en-GB","@id":"https:\/\/colegio-santagema.es\/#\/schema\/logo\/image\/","url":"https:\/\/colegio-santagema.es\/wp-content\/uploads\/2024\/12\/cropped-Logo-Santa-Gema.png","contentUrl":"https:\/\/colegio-santagema.es\/wp-content\/uploads\/2024\/12\/cropped-Logo-Santa-Gema.png","width":512,"height":512,"caption":"Colegio Santa Gema Galgani"},"image":{"@id":"https:\/\/colegio-santagema.es\/#\/schema\/logo\/image\/"},"sameAs":["https:\/\/www.facebook.com\/colegiosantagema","https:\/\/x.com\/ColeSantaGema","https:\/\/www.instagram.com\/colegiosantagema\/","https:\/\/www.linkedin.com\/company\/colegio-santa-gema-galgani\/"]},{"@type":"Person","@id":"https:\/\/colegio-santagema.es\/#\/schema\/person\/34022ef04a6104800f7f3b959dfc812b","name":"Comit\u00e9 Ecoescuela","image":{"@type":"ImageObject","inLanguage":"en-GB","@id":"https:\/\/colegio-santagema.es\/wp-content\/uploads\/2026\/04\/ecoescuela.png","url":"https:\/\/colegio-santagema.es\/wp-content\/uploads\/2026\/04\/ecoescuela.png","contentUrl":"https:\/\/colegio-santagema.es\/wp-content\/uploads\/2026\/04\/ecoescuela.png","caption":"Comit\u00e9 Ecoescuela"},"url":"#molongui-disabled-link"}]}},"_links":{"self":[{"href":"https:\/\/colegio-santagema.es\/en\/wp-json\/wp\/v2\/posts\/7222","targetHints":{"allow":["GET"]}}],"collection":[{"href":"https:\/\/colegio-santagema.es\/en\/wp-json\/wp\/v2\/posts"}],"about":[{"href":"https:\/\/colegio-santagema.es\/en\/wp-json\/wp\/v2\/types\/post"}],"author":[{"embeddable":true,"href":"https:\/\/colegio-santagema.es\/en\/wp-json\/wp\/v2\/users\/2"}],"replies":[{"embeddable":true,"href":"https:\/\/colegio-santagema.es\/en\/wp-json\/wp\/v2\/comments?post=7222"}],"version-history":[{"count":1,"href":"https:\/\/colegio-santagema.es\/en\/wp-json\/wp\/v2\/posts\/7222\/revisions"}],"predecessor-version":[{"id":7228,"href":"https:\/\/colegio-santagema.es\/en\/wp-json\/wp\/v2\/posts\/7222\/revisions\/7228"}],"wp:featuredmedia":[{"embeddable":true,"href":"https:\/\/colegio-santagema.es\/en\/wp-json\/wp\/v2\/media\/7223"}],"wp:attachment":[{"href":"https:\/\/colegio-santagema.es\/en\/wp-json\/wp\/v2\/media?parent=7222"}],"wp:term":[{"taxonomy":"category","embeddable":true,"href":"https:\/\/colegio-santagema.es\/en\/wp-json\/wp\/v2\/categories?post=7222"},{"taxonomy":"post_tag","embeddable":true,"href":"https:\/\/colegio-santagema.es\/en\/wp-json\/wp\/v2\/tags?post=7222"}],"curies":[{"name":"wp","href":"https:\/\/api.w.org\/{rel}","templated":true}]}}